{"id":1043,"date":"2023-10-30T12:40:18","date_gmt":"2023-10-30T18:40:18","guid":{"rendered":"https:\/\/imagenytendencias.com\/?p=1043"},"modified":"2023-10-30T12:40:21","modified_gmt":"2023-10-30T18:40:21","slug":"este-domingo-claudia-pastrana-morales-celebro-su-cumpleanos-trabajando-por-el-municipio-de-apetatitlan","status":"publish","type":"post","link":"https:\/\/imagenytendencias.com\/?p=1043","title":{"rendered":"Este domingo Claudia Pastrana Morales celebr\u00f3 su cumplea\u00f1os trabajando por el municipio de Apetatitl\u00e1n."},"content":{"rendered":"\n<p class=\"has-small-font-size\">Rodeada de ni\u00f1os, adolescentes, adultos y adultos mayores escuch\u00f3 con atenci\u00f3n las necesidades de la comunidad, reconociendo que la transformaci\u00f3n puede lograrse con la inclusi\u00f3n de todos los sectores. Con la sonrisa y amabilidad que la caracterizan, recibi\u00f3 a las personas con discapacidad y escuch\u00f3 atentamente las distintas voces, destacando que los diferentes oficios y <a><\/a>profesiones son muy importantes para el desarrollo del municipio y del estado, en compa\u00f1\u00eda de un gran equipo de trabajo resalt\u00f3 la importancia del legado y la experiencia que nos dejan los adultos mayores por lo que conmin\u00f3 a honrarlos y escucharlos con respeto.<\/p>\n\n\n\n<p class=\"has-small-font-size\">Entre porras y aplausos, incluso las ma\u00f1anitas, los vecinos de Apetatitl\u00e1n la recibieron con cari\u00f1o, respaldando su labor como profesionista, empresaria, pero sobre todo como ciudadana. Con la frase \u201cPies para que los quiero si tengo alas para volar\u201d de la reconocida pintora Frida Kahlo, la nutri\u00f3loga habl\u00f3 de la importancia de generar cambios como sociedad, de aportar talentos, habilidades y servicio a nuestro estado que tanto nos necesita. Algunos de los asistentes de diferentes comunidades agradecieron los apoyos recibidos en los \u00faltimos d\u00edas, ya que Claudia Pastrana Morales es una mujer altruista que ha donado, balones, uniformes y junto con su estructura de trabajo han realizado donaciones hacia los sectores vulnerables. Finalmente invit\u00f3 a los vecinos a vivir estas fechas en familia, honrando a sus difuntos, cumpliendo la tradici\u00f3n que nuestros abuelos nos ense\u00f1aron.<a href=\"https:\/\/www.facebook.com\/photo\/?fbid=816830990447580&amp;set=pcb.816831453780867&amp;__cft__[0]=AZVuP5_KcmDRlOsWGXjLf4Tnso0WRYojmLIfVNvm89aYQ2Jc4kDuER1Nx--uVAkRaPeuDtSqVERAwN6rOJ67WzDGoFWwKZje901mlgsF4yubKxsGOHZKwtU6wRaxBEzvJIJ6DrDsSYc-xemZRhzt-Fgo9pLDk7Sb9pRSD4LXQgcldw01pNG4yaWq4z18jKsyvCA&amp;__tn__=*bH-R\"><\/a><\/p>\n\n\n\n<p><a href=\"https:\/\/www.facebook.com\/photo\/?fbid=816831050447574&amp;set=pcb.816831453780867&amp;__cft__[0]=AZVuP5_KcmDRlOsWGXjLf4Tnso0WRYojmLIfVNvm89aYQ2Jc4kDuER1Nx--uVAkRaPeuDtSqVERAwN6rOJ67WzDGoFWwKZje901mlgsF4yubKxsGOHZKwtU6wRaxBEzvJIJ6DrDsSYc-xemZRhzt-Fgo9pLDk7Sb9pRSD4LXQgcldw01pNG4yaWq4z18jKsyvCA&amp;__tn__=*bH-R\"><\/a><\/p>\n\n\n\n<figure class=\"wp-block-image\"><a href=\"https:\/\/www.facebook.com\/photo\/?fbid=816831050447574&amp;set=pcb.816831453780867&amp;__cft__[0]=AZVuP5_KcmDRlOsWGXjLf4Tnso0WRYojmLIfVNvm89aYQ2Jc4kDuER1Nx--uVAkRaPeuDtSqVERAwN6rOJ67WzDGoFWwKZje901mlgsF4yubKxsGOHZKwtU6wRaxBEzvJIJ6DrDsSYc-xemZRhzt-Fgo9pLDk7Sb9pRSD4LXQgcldw01pNG4yaWq4z18jKsyvCA&amp;__tn__=*bH-R\"><img decoding=\"async\" src=\"https:\/\/scontent.fpbc3-1.fna.fbcdn.net\/v\/t39.30808-6\/396506627_816831467114199_6328146892258971928_n.jpg?stp=dst-jpg_p526x395&amp;_nc_cat=107&amp;ccb=1-7&amp;_nc_sid=5f2048&amp;_nc_eui2=AeGqeF8obYVZ4vmFExgANfp9aPWJzbr4W-ho9YnNuvhb6Hjdsb5O_bsU-pFNnUKLyZueC3zQMXv12BTUYO_X8cUh&amp;_nc_ohc=ce73IvUOHAYAX8F6BPl&amp;_nc_ht=scontent.fpbc3-1.fna&amp;oh=00_AfDnPGDyTe7DOFDiiiC0v-iV838EIq1VZsMQ9jVyB3QeRg&amp;oe=6545BF8F\" alt=\"\"\/><\/a><\/figure>\n\n\n\n<p><a href=\"https:\/\/www.facebook.com\/photo\/?fbid=816831080447571&amp;set=pcb.816831453780867&amp;__cft__[0]=AZVuP5_KcmDRlOsWGXjLf4Tnso0WRYojmLIfVNvm89aYQ2Jc4kDuER1Nx--uVAkRaPeuDtSqVERAwN6rOJ67WzDGoFWwKZje901mlgsF4yubKxsGOHZKwtU6wRaxBEzvJIJ6DrDsSYc-xemZRhzt-Fgo9pLDk7Sb9pRSD4LXQgcldw01pNG4yaWq4z18jKsyvCA&amp;__tn__=*bH-R\"><\/a><\/p>\n\n\n\n<figure class=\"wp-block-image\"><a href=\"https:\/\/www.facebook.com\/photo\/?fbid=816831080447571&amp;set=pcb.816831453780867&amp;__cft__[0]=AZVuP5_KcmDRlOsWGXjLf4Tnso0WRYojmLIfVNvm89aYQ2Jc4kDuER1Nx--uVAkRaPeuDtSqVERAwN6rOJ67WzDGoFWwKZje901mlgsF4yubKxsGOHZKwtU6wRaxBEzvJIJ6DrDsSYc-xemZRhzt-Fgo9pLDk7Sb9pRSD4LXQgcldw01pNG4yaWq4z18jKsyvCA&amp;__tn__=*bH-R\"><img decoding=\"async\" src=\"https:\/\/scontent.fpbc3-1.fna.fbcdn.net\/v\/t39.30808-6\/395588396_816831987114147_330582385849282310_n.jpg?stp=dst-jpg_p526x395&amp;_nc_cat=110&amp;ccb=1-7&amp;_nc_sid=5f2048&amp;_nc_eui2=AeGJ7iPw6wb9WRwz2aqZJP_3_KrLh6b2FWj8qsuHpvYVaKOsfbf7DiJk7LczB1ztGLoBrXqSXf3xnmc8nohXuA3k&amp;_nc_ohc=Fwza5o4wpVcAX_rXVcl&amp;_nc_ht=scontent.fpbc3-1.fna&amp;oh=00_AfBaRXnQzzoKxKNSxzymmKP3B2ZYNVt_Hu8OetVLtTrnZg&amp;oe=654565CF\" alt=\"\"\/><\/a><\/figure>\n\n\n\n<p><a href=\"https:\/\/www.facebook.com\/photo\/?fbid=816831113780901&amp;set=pcb.816831453780867&amp;__cft__[0]=AZVuP5_KcmDRlOsWGXjLf4Tnso0WRYojmLIfVNvm89aYQ2Jc4kDuER1Nx--uVAkRaPeuDtSqVERAwN6rOJ67WzDGoFWwKZje901mlgsF4yubKxsGOHZKwtU6wRaxBEzvJIJ6DrDsSYc-xemZRhzt-Fgo9pLDk7Sb9pRSD4LXQgcldw01pNG4yaWq4z18jKsyvCA&amp;__tn__=*bH-R\"><\/a><\/p>\n\n\n\n<figure class=\"wp-block-image\"><a href=\"https:\/\/www.facebook.com\/photo\/?fbid=816831113780901&amp;set=pcb.816831453780867&amp;__cft__[0]=AZVuP5_KcmDRlOsWGXjLf4Tnso0WRYojmLIfVNvm89aYQ2Jc4kDuER1Nx--uVAkRaPeuDtSqVERAwN6rOJ67WzDGoFWwKZje901mlgsF4yubKxsGOHZKwtU6wRaxBEzvJIJ6DrDsSYc-xemZRhzt-Fgo9pLDk7Sb9pRSD4LXQgcldw01pNG4yaWq4z18jKsyvCA&amp;__tn__=*bH-R\"><img decoding=\"async\" src=\"https:\/\/scontent.fpbc3-1.fna.fbcdn.net\/v\/t39.30808-6\/395581859_816832017114144_3477205268397917927_n.jpg?stp=dst-jpg_p526x395&amp;_nc_cat=103&amp;ccb=1-7&amp;_nc_sid=5f2048&amp;_nc_eui2=AeE4JnEsm9zp0T7jRsXExX9FWrYur5Z2odpati6vlnah2q9G62-JHeHNxjgcCL-_blUBMUtjaX_d0Fe8MzWytahD&amp;_nc_ohc=3DWDoRA50JIAX-dP_Rt&amp;_nc_ht=scontent.fpbc3-1.fna&amp;oh=00_AfDwmy-IO92kzvI0J88lQSfcx619BO_PA8NWV6pquCFYqg&amp;oe=65455528\" alt=\"\"\/><\/a><\/figure>\n\n\n\n<p><a href=\"https:\/\/www.facebook.com\/photo\/?fbid=816831157114230&amp;set=pcb.816831453780867&amp;__cft__[0]=AZVuP5_KcmDRlOsWGXjLf4Tnso0WRYojmLIfVNvm89aYQ2Jc4kDuER1Nx--uVAkRaPeuDtSqVERAwN6rOJ67WzDGoFWwKZje901mlgsF4yubKxsGOHZKwtU6wRaxBEzvJIJ6DrDsSYc-xemZRhzt-Fgo9pLDk7Sb9pRSD4LXQgcldw01pNG4yaWq4z18jKsyvCA&amp;__tn__=*bH-R\"><\/a><\/p>\n\n\n\n<figure class=\"wp-block-image\"><a href=\"https:\/\/www.facebook.com\/photo\/?fbid=816831157114230&amp;set=pcb.816831453780867&amp;__cft__[0]=AZVuP5_KcmDRlOsWGXjLf4Tnso0WRYojmLIfVNvm89aYQ2Jc4kDuER1Nx--uVAkRaPeuDtSqVERAwN6rOJ67WzDGoFWwKZje901mlgsF4yubKxsGOHZKwtU6wRaxBEzvJIJ6DrDsSYc-xemZRhzt-Fgo9pLDk7Sb9pRSD4LXQgcldw01pNG4yaWq4z18jKsyvCA&amp;__tn__=*bH-R\"><img decoding=\"async\" src=\"https:\/\/scontent.fpbc3-1.fna.fbcdn.net\/v\/t39.30808-6\/395635661_816832043780808_7295732926983677339_n.jpg?stp=dst-jpg_p526x395&amp;_nc_cat=105&amp;ccb=1-7&amp;_nc_sid=5f2048&amp;_nc_eui2=AeH-KzxjJf2y1jeM9_KTkA0jhi4RH7IhrxmGLhEfsiGvGa_vRQZPu-dT652ORRgVhhMtMP5G-8AhuPHL2UmH5bTj&amp;_nc_ohc=cUjvBp1rsnUAX_a0EGa&amp;_nc_ht=scontent.fpbc3-1.fna&amp;oh=00_AfDKFxBrFNNlIaZfvn_uacgF7jzQk91DAatCEDB-AgLz0g&amp;oe=6545D023\" alt=\"\"\/><\/a><\/figure>\n","protected":false},"excerpt":{"rendered":"<p>Rodeada de ni\u00f1os, adolescentes, adultos y adultos mayores escuch\u00f3 con atenci\u00f3n las necesidades de la comunidad, reconociendo que la transformaci\u00f3n puede lograrse con la inclusi\u00f3n de todos los sectores. Con la sonrisa y amabilidad que la caracterizan, recibi\u00f3 a las personas con discapacidad y escuch\u00f3 atentamente las distintas voces, destacando que los diferentes oficios y [&hellip;]<\/p>\n","protected":false},"author":2,"featured_media":1044,"comment_status":"closed","ping_status":"closed","sticky":false,"template":"","format":"standard","meta":{"footnotes":""},"categories":[7],"tags":[],"class_list":["post-1043","post","type-post","status-publish","format-standard","has-post-thumbnail","hentry","category-tendencias"],"yoast_head":"<!-- This site is optimized with the Yoast SEO plugin v27.0 - https:\/\/yoast.com\/product\/yoast-seo-wordpress\/ -->\n<title>Este domingo Claudia Pastrana Morales celebr\u00f3 su cumplea\u00f1os trabajando por el municipio de Apetatitl\u00e1n. - IMAGEN Y TENDENCIAS<\/title>\n<meta name=\"robots\" content=\"index, follow, max-snippet:-1, max-image-preview:large, max-video-preview:-1\" \/>\n<link rel=\"canonical\" href=\"https:\/\/imagenytendencias.com\/?p=1043\" \/>\n<meta property=\"og:locale\" content=\"es_ES\" \/>\n<meta property=\"og:type\" content=\"article\" \/>\n<meta property=\"og:title\" content=\"Este domingo Claudia Pastrana Morales celebr\u00f3 su cumplea\u00f1os trabajando por el municipio de Apetatitl\u00e1n. - IMAGEN Y TENDENCIAS\" \/>\n<meta property=\"og:description\" content=\"Rodeada de ni\u00f1os, adolescentes, adultos y adultos mayores escuch\u00f3 con atenci\u00f3n las necesidades de la comunidad, reconociendo que la transformaci\u00f3n puede lograrse con la inclusi\u00f3n de todos los sectores. Con la sonrisa y amabilidad que la caracterizan, recibi\u00f3 a las personas con discapacidad y escuch\u00f3 atentamente las distintas voces, destacando que los diferentes oficios y [&hellip;]\" \/>\n<meta property=\"og:url\" content=\"https:\/\/imagenytendencias.com\/?p=1043\" \/>\n<meta property=\"og:site_name\" content=\"IMAGEN Y TENDENCIAS\" \/>\n<meta property=\"article:publisher\" content=\"https:\/\/www.facebook.com\/revistaimagenytendencias\" \/>\n<meta property=\"article:published_time\" content=\"2023-10-30T18:40:18+00:00\" \/>\n<meta property=\"article:modified_time\" content=\"2023-10-30T18:40:21+00:00\" \/>\n<meta property=\"og:image\" content=\"https:\/\/imagenytendencias.com\/wp-content\/uploads\/2023\/10\/Claudia.jpg\" \/>\n\t<meta property=\"og:image:width\" content=\"720\" \/>\n\t<meta property=\"og:image:height\" content=\"960\" \/>\n\t<meta property=\"og:image:type\" content=\"image\/jpeg\" \/>\n<meta name=\"author\" content=\"Diana Gracia Montiel\" \/>\n<meta name=\"twitter:card\" content=\"summary_large_image\" \/>\n<meta name=\"twitter:label1\" content=\"Escrito por\" \/>\n\t<meta name=\"twitter:data1\" content=\"Diana Gracia Montiel\" \/>\n\t<meta name=\"twitter:label2\" content=\"Tiempo de lectura\" \/>\n\t<meta name=\"twitter:data2\" content=\"2 minutos\" \/>\n<script type=\"application\/ld+json\" class=\"yoast-schema-graph\">{\"@context\":\"https:\/\/schema.org\",\"@graph\":[{\"@type\":\"Article\",\"@id\":\"https:\/\/imagenytendencias.com\/?p=1043#article\",\"isPartOf\":{\"@id\":\"https:\/\/imagenytendencias.com\/?p=1043\"},\"author\":{\"name\":\"Diana Gracia Montiel\",\"@id\":\"https:\/\/imagenytendencias.com\/#\/schema\/person\/c6ce30531da3a7c8e934bf01e5ca2f85\"},\"headline\":\"Este domingo Claudia Pastrana Morales celebr\u00f3 su cumplea\u00f1os trabajando por el municipio de Apetatitl\u00e1n.\",\"datePublished\":\"2023-10-30T18:40:18+00:00\",\"dateModified\":\"2023-10-30T18:40:21+00:00\",\"mainEntityOfPage\":{\"@id\":\"https:\/\/imagenytendencias.com\/?p=1043\"},\"wordCount\":262,\"publisher\":{\"@id\":\"https:\/\/imagenytendencias.com\/#organization\"},\"image\":{\"@id\":\"https:\/\/imagenytendencias.com\/?p=1043#primaryimage\"},\"thumbnailUrl\":\"https:\/\/imagenytendencias.com\/wp-content\/uploads\/2023\/10\/Claudia.jpg\",\"articleSection\":[\"Tendencias\"],\"inLanguage\":\"es\"},{\"@type\":\"WebPage\",\"@id\":\"https:\/\/imagenytendencias.com\/?p=1043\",\"url\":\"https:\/\/imagenytendencias.com\/?p=1043\",\"name\":\"Este domingo Claudia Pastrana Morales celebr\u00f3 su cumplea\u00f1os trabajando por el municipio de Apetatitl\u00e1n. - IMAGEN Y TENDENCIAS\",\"isPartOf\":{\"@id\":\"https:\/\/imagenytendencias.com\/#website\"},\"primaryImageOfPage\":{\"@id\":\"https:\/\/imagenytendencias.com\/?p=1043#primaryimage\"},\"image\":{\"@id\":\"https:\/\/imagenytendencias.com\/?p=1043#primaryimage\"},\"thumbnailUrl\":\"https:\/\/imagenytendencias.com\/wp-content\/uploads\/2023\/10\/Claudia.jpg\",\"datePublished\":\"2023-10-30T18:40:18+00:00\",\"dateModified\":\"2023-10-30T18:40:21+00:00\",\"breadcrumb\":{\"@id\":\"https:\/\/imagenytendencias.com\/?p=1043#breadcrumb\"},\"inLanguage\":\"es\",\"potentialAction\":[{\"@type\":\"ReadAction\",\"target\":[\"https:\/\/imagenytendencias.com\/?p=1043\"]}]},{\"@type\":\"ImageObject\",\"inLanguage\":\"es\",\"@id\":\"https:\/\/imagenytendencias.com\/?p=1043#primaryimage\",\"url\":\"https:\/\/imagenytendencias.com\/wp-content\/uploads\/2023\/10\/Claudia.jpg\",\"contentUrl\":\"https:\/\/imagenytendencias.com\/wp-content\/uploads\/2023\/10\/Claudia.jpg\",\"width\":720,\"height\":960},{\"@type\":\"BreadcrumbList\",\"@id\":\"https:\/\/imagenytendencias.com\/?p=1043#breadcrumb\",\"itemListElement\":[{\"@type\":\"ListItem\",\"position\":1,\"name\":\"Portada\",\"item\":\"https:\/\/imagenytendencias.com\/\"},{\"@type\":\"ListItem\",\"position\":2,\"name\":\"Este domingo Claudia Pastrana Morales celebr\u00f3 su cumplea\u00f1os trabajando por el municipio de Apetatitl\u00e1n.\"}]},{\"@type\":\"WebSite\",\"@id\":\"https:\/\/imagenytendencias.com\/#website\",\"url\":\"https:\/\/imagenytendencias.com\/\",\"name\":\"Imagen y Tendencias\",\"description\":\"Sociales, turismo, vida y estilos...\",\"publisher\":{\"@id\":\"https:\/\/imagenytendencias.com\/#organization\"},\"potentialAction\":[{\"@type\":\"SearchAction\",\"target\":{\"@type\":\"EntryPoint\",\"urlTemplate\":\"https:\/\/imagenytendencias.com\/?s={search_term_string}\"},\"query-input\":{\"@type\":\"PropertyValueSpecification\",\"valueRequired\":true,\"valueName\":\"search_term_string\"}}],\"inLanguage\":\"es\"},{\"@type\":\"Organization\",\"@id\":\"https:\/\/imagenytendencias.com\/#organization\",\"name\":\"Imagen y Tendencias\",\"url\":\"https:\/\/imagenytendencias.com\/\",\"logo\":{\"@type\":\"ImageObject\",\"inLanguage\":\"es\",\"@id\":\"https:\/\/imagenytendencias.com\/#\/schema\/logo\/image\/\",\"url\":\"https:\/\/imagenytendencias.com\/wp-content\/uploads\/2026\/02\/cropped-LOGOS-ORIGINALES-VECTORIZADOS-REVISTA-IMAGEN-Y-TENDENCIAS-02-scaled-1.png\",\"contentUrl\":\"https:\/\/imagenytendencias.com\/wp-content\/uploads\/2026\/02\/cropped-LOGOS-ORIGINALES-VECTORIZADOS-REVISTA-IMAGEN-Y-TENDENCIAS-02-scaled-1.png\",\"width\":2560,\"height\":760,\"caption\":\"Imagen y Tendencias\"},\"image\":{\"@id\":\"https:\/\/imagenytendencias.com\/#\/schema\/logo\/image\/\"},\"sameAs\":[\"https:\/\/www.facebook.com\/revistaimagenytendencias\"]},{\"@type\":\"Person\",\"@id\":\"https:\/\/imagenytendencias.com\/#\/schema\/person\/c6ce30531da3a7c8e934bf01e5ca2f85\",\"name\":\"Diana Gracia Montiel\",\"image\":{\"@type\":\"ImageObject\",\"inLanguage\":\"es\",\"@id\":\"https:\/\/imagenytendencias.com\/#\/schema\/person\/image\/\",\"url\":\"https:\/\/secure.gravatar.com\/avatar\/66f10ee13bf1bba5c59a089a20d3534ee377efa1f45fdf32b83ffed62725bfa3?s=96&d=mm&r=g\",\"contentUrl\":\"https:\/\/secure.gravatar.com\/avatar\/66f10ee13bf1bba5c59a089a20d3534ee377efa1f45fdf32b83ffed62725bfa3?s=96&d=mm&r=g\",\"caption\":\"Diana Gracia Montiel\"},\"url\":\"https:\/\/imagenytendencias.com\/?author=2\"}]}<\/script>\n<!-- \/ Yoast SEO plugin. -->","yoast_head_json":{"title":"Este domingo Claudia Pastrana Morales celebr\u00f3 su cumplea\u00f1os trabajando por el municipio de Apetatitl\u00e1n. - IMAGEN Y TENDENCIAS","robots":{"index":"index","follow":"follow","max-snippet":"max-snippet:-1","max-image-preview":"max-image-preview:large","max-video-preview":"max-video-preview:-1"},"canonical":"https:\/\/imagenytendencias.com\/?p=1043","og_locale":"es_ES","og_type":"article","og_title":"Este domingo Claudia Pastrana Morales celebr\u00f3 su cumplea\u00f1os trabajando por el municipio de Apetatitl\u00e1n. - IMAGEN Y TENDENCIAS","og_description":"Rodeada de ni\u00f1os, adolescentes, adultos y adultos mayores escuch\u00f3 con atenci\u00f3n las necesidades de la comunidad, reconociendo que la transformaci\u00f3n puede lograrse con la inclusi\u00f3n de todos los sectores. Con la sonrisa y amabilidad que la caracterizan, recibi\u00f3 a las personas con discapacidad y escuch\u00f3 atentamente las distintas voces, destacando que los diferentes oficios y [&hellip;]","og_url":"https:\/\/imagenytendencias.com\/?p=1043","og_site_name":"IMAGEN Y TENDENCIAS","article_publisher":"https:\/\/www.facebook.com\/revistaimagenytendencias","article_published_time":"2023-10-30T18:40:18+00:00","article_modified_time":"2023-10-30T18:40:21+00:00","og_image":[{"width":720,"height":960,"url":"https:\/\/imagenytendencias.com\/wp-content\/uploads\/2023\/10\/Claudia.jpg","type":"image\/jpeg"}],"author":"Diana Gracia Montiel","twitter_card":"summary_large_image","twitter_misc":{"Escrito por":"Diana Gracia Montiel","Tiempo de lectura":"2 minutos"},"schema":{"@context":"https:\/\/schema.org","@graph":[{"@type":"Article","@id":"https:\/\/imagenytendencias.com\/?p=1043#article","isPartOf":{"@id":"https:\/\/imagenytendencias.com\/?p=1043"},"author":{"name":"Diana Gracia Montiel","@id":"https:\/\/imagenytendencias.com\/#\/schema\/person\/c6ce30531da3a7c8e934bf01e5ca2f85"},"headline":"Este domingo Claudia Pastrana Morales celebr\u00f3 su cumplea\u00f1os trabajando por el municipio de Apetatitl\u00e1n.","datePublished":"2023-10-30T18:40:18+00:00","dateModified":"2023-10-30T18:40:21+00:00","mainEntityOfPage":{"@id":"https:\/\/imagenytendencias.com\/?p=1043"},"wordCount":262,"publisher":{"@id":"https:\/\/imagenytendencias.com\/#organization"},"image":{"@id":"https:\/\/imagenytendencias.com\/?p=1043#primaryimage"},"thumbnailUrl":"https:\/\/imagenytendencias.com\/wp-content\/uploads\/2023\/10\/Claudia.jpg","articleSection":["Tendencias"],"inLanguage":"es"},{"@type":"WebPage","@id":"https:\/\/imagenytendencias.com\/?p=1043","url":"https:\/\/imagenytendencias.com\/?p=1043","name":"Este domingo Claudia Pastrana Morales celebr\u00f3 su cumplea\u00f1os trabajando por el municipio de Apetatitl\u00e1n. - IMAGEN Y TENDENCIAS","isPartOf":{"@id":"https:\/\/imagenytendencias.com\/#website"},"primaryImageOfPage":{"@id":"https:\/\/imagenytendencias.com\/?p=1043#primaryimage"},"image":{"@id":"https:\/\/imagenytendencias.com\/?p=1043#primaryimage"},"thumbnailUrl":"https:\/\/imagenytendencias.com\/wp-content\/uploads\/2023\/10\/Claudia.jpg","datePublished":"2023-10-30T18:40:18+00:00","dateModified":"2023-10-30T18:40:21+00:00","breadcrumb":{"@id":"https:\/\/imagenytendencias.com\/?p=1043#breadcrumb"},"inLanguage":"es","potentialAction":[{"@type":"ReadAction","target":["https:\/\/imagenytendencias.com\/?p=1043"]}]},{"@type":"ImageObject","inLanguage":"es","@id":"https:\/\/imagenytendencias.com\/?p=1043#primaryimage","url":"https:\/\/imagenytendencias.com\/wp-content\/uploads\/2023\/10\/Claudia.jpg","contentUrl":"https:\/\/imagenytendencias.com\/wp-content\/uploads\/2023\/10\/Claudia.jpg","width":720,"height":960},{"@type":"BreadcrumbList","@id":"https:\/\/imagenytendencias.com\/?p=1043#breadcrumb","itemListElement":[{"@type":"ListItem","position":1,"name":"Portada","item":"https:\/\/imagenytendencias.com\/"},{"@type":"ListItem","position":2,"name":"Este domingo Claudia Pastrana Morales celebr\u00f3 su cumplea\u00f1os trabajando por el municipio de Apetatitl\u00e1n."}]},{"@type":"WebSite","@id":"https:\/\/imagenytendencias.com\/#website","url":"https:\/\/imagenytendencias.com\/","name":"Imagen y Tendencias","description":"Sociales, turismo, vida y estilos...","publisher":{"@id":"https:\/\/imagenytendencias.com\/#organization"},"potentialAction":[{"@type":"SearchAction","target":{"@type":"EntryPoint","urlTemplate":"https:\/\/imagenytendencias.com\/?s={search_term_string}"},"query-input":{"@type":"PropertyValueSpecification","valueRequired":true,"valueName":"search_term_string"}}],"inLanguage":"es"},{"@type":"Organization","@id":"https:\/\/imagenytendencias.com\/#organization","name":"Imagen y Tendencias","url":"https:\/\/imagenytendencias.com\/","logo":{"@type":"ImageObject","inLanguage":"es","@id":"https:\/\/imagenytendencias.com\/#\/schema\/logo\/image\/","url":"https:\/\/imagenytendencias.com\/wp-content\/uploads\/2026\/02\/cropped-LOGOS-ORIGINALES-VECTORIZADOS-REVISTA-IMAGEN-Y-TENDENCIAS-02-scaled-1.png","contentUrl":"https:\/\/imagenytendencias.com\/wp-content\/uploads\/2026\/02\/cropped-LOGOS-ORIGINALES-VECTORIZADOS-REVISTA-IMAGEN-Y-TENDENCIAS-02-scaled-1.png","width":2560,"height":760,"caption":"Imagen y Tendencias"},"image":{"@id":"https:\/\/imagenytendencias.com\/#\/schema\/logo\/image\/"},"sameAs":["https:\/\/www.facebook.com\/revistaimagenytendencias"]},{"@type":"Person","@id":"https:\/\/imagenytendencias.com\/#\/schema\/person\/c6ce30531da3a7c8e934bf01e5ca2f85","name":"Diana Gracia Montiel","image":{"@type":"ImageObject","inLanguage":"es","@id":"https:\/\/imagenytendencias.com\/#\/schema\/person\/image\/","url":"https:\/\/secure.gravatar.com\/avatar\/66f10ee13bf1bba5c59a089a20d3534ee377efa1f45fdf32b83ffed62725bfa3?s=96&d=mm&r=g","contentUrl":"https:\/\/secure.gravatar.com\/avatar\/66f10ee13bf1bba5c59a089a20d3534ee377efa1f45fdf32b83ffed62725bfa3?s=96&d=mm&r=g","caption":"Diana Gracia Montiel"},"url":"https:\/\/imagenytendencias.com\/?author=2"}]}},"_links":{"self":[{"href":"https:\/\/imagenytendencias.com\/index.php?rest_route=\/wp\/v2\/posts\/1043","targetHints":{"allow":["GET"]}}],"collection":[{"href":"https:\/\/imagenytendencias.com\/index.php?rest_route=\/wp\/v2\/posts"}],"about":[{"href":"https:\/\/imagenytendencias.com\/index.php?rest_route=\/wp\/v2\/types\/post"}],"author":[{"embeddable":true,"href":"https:\/\/imagenytendencias.com\/index.php?rest_route=\/wp\/v2\/users\/2"}],"replies":[{"embeddable":true,"href":"https:\/\/imagenytendencias.com\/index.php?rest_route=%2Fwp%2Fv2%2Fcomments&post=1043"}],"version-history":[{"count":1,"href":"https:\/\/imagenytendencias.com\/index.php?rest_route=\/wp\/v2\/posts\/1043\/revisions"}],"predecessor-version":[{"id":1045,"href":"https:\/\/imagenytendencias.com\/index.php?rest_route=\/wp\/v2\/posts\/1043\/revisions\/1045"}],"wp:featuredmedia":[{"embeddable":true,"href":"https:\/\/imagenytendencias.com\/index.php?rest_route=\/wp\/v2\/media\/1044"}],"wp:attachment":[{"href":"https:\/\/imagenytendencias.com\/index.php?rest_route=%2Fwp%2Fv2%2Fmedia&parent=1043"}],"wp:term":[{"taxonomy":"category","embeddable":true,"href":"https:\/\/imagenytendencias.com\/index.php?rest_route=%2Fwp%2Fv2%2Fcategories&post=1043"},{"taxonomy":"post_tag","embeddable":true,"href":"https:\/\/imagenytendencias.com\/index.php?rest_route=%2Fwp%2Fv2%2Ftags&post=1043"}],"curies":[{"name":"wp","href":"https:\/\/api.w.org\/{rel}","templated":true}]}}